{"id":2090,"date":"2024-08-12T11:09:23","date_gmt":"2024-08-12T11:09:23","guid":{"rendered":"https:\/\/journalistiek.mm.ehb.be\/erasmix\/?p=2090"},"modified":"2024-08-12T11:10:30","modified_gmt":"2024-08-12T11:10:30","slug":"tieners-smeren-meer-en-jonger-skincare-in-overdrive","status":"publish","type":"post","link":"https:\/\/journalistiek.mm.ehb.be\/erasmix\/2024\/08\/12\/tieners-smeren-meer-en-jonger-skincare-in-overdrive\/","title":{"rendered":"Tieners smeren meer en jonger: skincare in overdrive"},"content":{"rendered":"\n<p><\/p>\n\n\n\n<figure class=\"wp-block-image alignwide size-full\"><img loading=\"lazy\" decoding=\"async\" width=\"408\" height=\"222\" src=\"https:\/\/journalistiek.mm.ehb.be\/erasmix\/wp-content\/uploads\/sites\/2\/2024\/05\/image.jpeg\" alt=\"\" class=\"wp-image-2104\" srcset=\"https:\/\/journalistiek.mm.ehb.be\/erasmix\/wp-content\/uploads\/sites\/2\/2024\/05\/image.jpeg 408w, https:\/\/journalistiek.mm.ehb.be\/erasmix\/wp-content\/uploads\/sites\/2\/2024\/05\/image-300x163.jpeg 300w\" sizes=\"auto, (max-width: 408px) 100vw, 408px\" \/><figcaption class=\"wp-element-caption\">(c) Yana Deflem<\/figcaption><\/figure>\n\n\n\n<p><strong>Jongeren beginnen steeds vroeger met skincare. Perfecte huiden en glanzende gezichten overspoelen hen op sociale media. Het is dan ook geen verrassing dat skincare een centrale rol speelt in het leven van tieners, maar experts waarschuwen dat dit niet zonder risico\u2019s is. Hoe schadelijk is het voor jonge tieners om zoveel huidproducten te gebruiken?<\/strong><br><strong><em>door studentenredactie<\/em><\/strong><\/p>\n\n\n\n<figure class=\"wp-block-image alignright size-full\"><img loading=\"lazy\" decoding=\"async\" width=\"294\" height=\"220\" src=\"https:\/\/journalistiek.mm.ehb.be\/erasmix\/wp-content\/uploads\/sites\/2\/2024\/05\/image-4.jpeg\" alt=\"\" class=\"wp-image-2114\"\/><figcaption class=\"wp-element-caption\">(c) Myrthe higgins<\/figcaption><\/figure>\n\n\n\n<p>Lily Higgins is twaalf jaar en houdt van haar uitgebreide skincare routine. \u201cIk verzorg mijn huid elke dag, zowel \u2018s ochtends als \u2018s avonds. Het lijkt alsof ik er wakkerder van word. Ik voel me ook zelfverzekerder wanneer ik mijn skincare doe.\u201d Lily begon met huidverzorging toen ze tien jaar was, nadat ze het op sociale media had gezien. \u201cMijn mama zegt wel dat het niet goed is voor mijn huid, maar ik vind het te leuk om ermee te stoppen. Het is een soort verslaving.\u201d&nbsp;<\/p>\n\n\n\n<figure class=\"wp-block-image alignleft size-full is-resized\"><img loading=\"lazy\" decoding=\"async\" width=\"408\" height=\"306\" src=\"https:\/\/journalistiek.mm.ehb.be\/erasmix\/wp-content\/uploads\/sites\/2\/2024\/05\/image-5.jpeg\" alt=\"\" class=\"wp-image-2116\" style=\"width:456px;height:auto\" srcset=\"https:\/\/journalistiek.mm.ehb.be\/erasmix\/wp-content\/uploads\/sites\/2\/2024\/05\/image-5.jpeg 408w, https:\/\/journalistiek.mm.ehb.be\/erasmix\/wp-content\/uploads\/sites\/2\/2024\/05\/image-5-300x225.jpeg 300w\" sizes=\"auto, (max-width: 408px) 100vw, 408px\" \/><figcaption class=\"wp-element-caption\">(c) Myrthe Higgins<\/figcaption><\/figure>\n\n\n\n<p>Skincare bij jongeren heeft zijn toenemende populariteit te danken aan sociale media. Influencers promoten de nieuwste producten en trends verspreiden zich razendsnel via platforms als TikTok en Instagram. Charlotte, verkoopster bij de cosmeticawinkel Cosmeticary in Brussel, vertelt: \u201cIk zie hier kinderen van tien jaar binnenkomen, die allemaal op zoek zijn naar producten die ze op TikTok hebben gezien. Soms zijn ze zelfs nog jonger.\u201d<\/p>\n\n\n\n<p><br><br><strong>Schadelijk voor de huid&nbsp;<\/strong><br>Verschillende soorten huidproducten gebruiken op jonge leeftijd kan schadelijk zijn. Dermatoloog Delphine Van Ruysevelt licht toe: \u201cBlijf van een jonge huid af. Ze heeft helemaal geen tien verschillende serums en cr\u00e8mes nodig. Begin pas met uitgebreide huidverzorging vanaf 18 jaar.\u201d De huid van kinderen en jongeren is erg gevoelig. Wanneer ze veel producten met chemische ingredi\u00ebnten gebruiken, kan dat leiden tot ontwikkeling van allergie\u00ebn of verstopte pori\u00ebn met acne als gevolg.<br>Cedric Roes, docent Cosmetic Science aan de Erasmushogeschool Brussel, stelt dan weer dat skincare producten gebruiken niet noodzakelijkslecht is voor de huid. De normen op de Europese cosmeticamarkt zijn streng, zegt hij: \u201cIk denk niet dat er op de westerse markt nog producten zijn die ingredi\u00ebnten bevatten die zo schadelijk zijn. Bij normaal gebruik, zoals beschreven op de verpakking, zijn er geen grote risico\u2019s aan verbonden.\u201d<\/p>\n\n\n\n<p>Skincare is dus niet aan te raden voor de jonge huid, al zullen de gevolgen niet extreem zijn. Wie het toch niet kan laten om zich in te smeren, grijpt best naar iets hydraterends en zachts. Zonnecr\u00e8me, bijvoorbeeld, beschermt de huid tegen schadelijke uv-straling van de zon, waardoor het risico op zonnebrand, huidkanker en vroegtijdige veroudering vermindert.<\/p>\n\n\n\n<div style=\"height:100px\" aria-hidden=\"true\" class=\"wp-block-spacer\"><\/div>\n\n\n\n<div class=\"wp-block-columns is-layout-flex wp-container-core-columns-is-layout-28f84493 wp-block-columns-is-layout-flex\">\n<div class=\"wp-block-column is-layout-flow wp-block-column-is-layout-flow\">\n<blockquote class=\"tiktok-embed\" cite=\"https:\/\/www.tiktok.com\/@ivannamunoz5\/video\/7292615448254827807\" data-video-id=\"7292615448254827807\" style=\"max-width: 605px;min-width: 325px\"> <section> <a target=\"_blank\" title=\"@ivannamunoz5\" href=\"https:\/\/www.tiktok.com\/@ivannamunoz5?refer=embed\" rel=\"noopener\">@ivannamunoz5<\/a> Skincare before bed! ?? She\u2019s in a great mood &#8211; dancing and everything. Lol! Its a long video, but I promise its a cute one! ?\u2764\ufe0f <a title=\"skincare\" target=\"_blank\" href=\"https:\/\/www.tiktok.com\/tag\/skincare?refer=embed\" rel=\"noopener\">#skincare<\/a> <a title=\"kidsskincare\" target=\"_blank\" href=\"https:\/\/www.tiktok.com\/tag\/kidsskincare?refer=embed\" rel=\"noopener\">#kidsskincare<\/a> <a title=\"camilachats\" target=\"_blank\" href=\"https:\/\/www.tiktok.com\/tag\/camilachats?refer=embed\" rel=\"noopener\">#CamilaChats<\/a> <a title=\"skincarefun\" target=\"_blank\" href=\"https:\/\/www.tiktok.com\/tag\/skincarefun?refer=embed\" rel=\"noopener\">#skincarefun<\/a> <a target=\"_blank\" title=\"\u266c original sound - Ivanna | Camila &#038; Zoey\u2019s Mom?\" href=\"https:\/\/www.tiktok.com\/music\/original-sound-7292615480693607198?refer=embed\" rel=\"noopener\">\u266c original sound &#8211; Ivanna | Camila &#038; Zoey\u2019s Mom?<\/a> <\/section> <\/blockquote>\n<\/div>\n\n\n\n<div class=\"wp-block-column is-layout-flow wp-block-column-is-layout-flow\">\n<blockquote class=\"tiktok-embed\" cite=\"https:\/\/www.tiktok.com\/@everedenbrand\/video\/7355919925963230507\" data-video-id=\"7355919925963230507\" style=\"max-width: 605px;min-width: 325px\"> <section> <a target=\"_blank\" title=\"@everedenbrand\" href=\"https:\/\/www.tiktok.com\/@everedenbrand?refer=embed\" rel=\"noopener\">@everedenbrand<\/a> Spring break skincare w Bex \u2728?\u2600\ufe0f <a title=\"kidsskincare\" target=\"_blank\" href=\"https:\/\/www.tiktok.com\/tag\/kidsskincare?refer=embed\" rel=\"noopener\">#kidsskincare<\/a> <a title=\"skincare\" target=\"_blank\" href=\"https:\/\/www.tiktok.com\/tag\/skincare?refer=embed\" rel=\"noopener\">#skincare<\/a> <a title=\"evereden\" target=\"_blank\" href=\"https:\/\/www.tiktok.com\/tag\/evereden?refer=embed\" rel=\"noopener\">#evereden<\/a> <a title=\"cleanskincare\" target=\"_blank\" href=\"https:\/\/www.tiktok.com\/tag\/cleanskincare?refer=embed\" rel=\"noopener\">#cleanskincare<\/a> <a title=\"aestheticselfcare\" target=\"_blank\" href=\"https:\/\/www.tiktok.com\/tag\/aestheticselfcare?refer=embed\" rel=\"noopener\">#aestheticselfcare<\/a> <a title=\"viralskincare\" target=\"_blank\" href=\"https:\/\/www.tiktok.com\/tag\/viralskincare?refer=embed\" rel=\"noopener\">#viralskincare<\/a> <a title=\"skincareforkids\" target=\"_blank\" href=\"https:\/\/www.tiktok.com\/tag\/skincareforkids?refer=embed\" rel=\"noopener\">#skincareforkids<\/a> <a target=\"_blank\" title=\"\u266c original sound - Evereden\" href=\"https:\/\/www.tiktok.com\/music\/original-sound-7355919979864804138?refer=embed\" rel=\"noopener\">\u266c original sound &#8211; Evereden<\/a> <\/section> <\/blockquote>\n<\/div>\n\n\n\n<div class=\"wp-block-column is-layout-flow wp-block-column-is-layout-flow\">\n<blockquote class=\"tiktok-embed\" cite=\"https:\/\/www.tiktok.com\/@gardenofarden\/video\/7137703616827215146\" data-video-id=\"7137703616827215146\" style=\"max-width: 605px;min-width: 325px\"> <section> <a target=\"_blank\" title=\"@gardenofarden\" href=\"https:\/\/www.tiktok.com\/@gardenofarden?refer=embed\" rel=\"noopener\">@gardenofarden<\/a> Her precision??? <a title=\"skincare\" target=\"_blank\" href=\"https:\/\/www.tiktok.com\/tag\/skincare?refer=embed\" rel=\"noopener\">#skincare<\/a> <a title=\"skincareroutine\" target=\"_blank\" href=\"https:\/\/www.tiktok.com\/tag\/skincareroutine?refer=embed\" rel=\"noopener\">#skincareroutine<\/a> <a title=\"worldprincessweek\" target=\"_blank\" href=\"https:\/\/www.tiktok.com\/tag\/worldprincessweek?refer=embed\" rel=\"noopener\">#WorldPrincessWeek<\/a><a title=\"findyourgrace\" target=\"_blank\" href=\"https:\/\/www.tiktok.com\/tag\/findyourgrace?refer=embed\" rel=\"noopener\"> #findyourgrac<\/a>e<a title=\"momsbelike\" target=\"_blank\" href=\"https:\/\/www.tiktok.com\/tag\/momsbelike?refer=embed\" rel=\"noopener\"> #momsbelik<\/a>e<a title=\"nourisheveryyou\" target=\"_blank\" href=\"https:\/\/www.tiktok.com\/tag\/nourisheveryyou?refer=embed\" rel=\"noopener\"> #nourisheveryyo<\/a><a title=\"badmamatiktok\" target=\"_blank\" href=\"https:\/\/www.tiktok.com\/tag\/badmamatiktok?refer=embed\" rel=\"noopener\">u #badmamatikt<\/a>o<a title=\"westicktogether\" target=\"_blank\" href=\"https:\/\/www.tiktok.com\/tag\/westicktogether?refer=embed\" rel=\"noopener\">k #WeStickTogeth<\/a><a title=\"mickeyfriendsstaytrue\" target=\"_blank\" href=\"https:\/\/www.tiktok.com\/tag\/mickeyfriendsstaytrue?refer=embed\" rel=\"noopener\">er #MickeyFriendsStayT<\/a><a title=\"retokfornature\" target=\"_blank\" href=\"https:\/\/www.tiktok.com\/tag\/retokfornature?refer=embed\" rel=\"noopener\">rue #ReTokforNa<\/a>t<a title=\"cvspaperlesschallenge\" target=\"_blank\" href=\"https:\/\/www.tiktok.com\/tag\/cvspaperlesschallenge?refer=embed\" rel=\"noopener\">ure #CVSPaperlessChall<\/a>e<a title=\"amazonmusicproudheroes\" target=\"_blank\" href=\"https:\/\/www.tiktok.com\/tag\/amazonmusicproudheroes?refer=embed\" rel=\"noopener\">nge #AmazonMusicProudHe<\/a>r<a title=\"showurgrillskillz\" target=\"_blank\" href=\"https:\/\/www.tiktok.com\/tag\/showurgrillskillz?refer=embed\" rel=\"noopener\">oes #ShowUrGrillSk<\/a>i<a title=\"primedaydreamdeals\" target=\"_blank\" href=\"https:\/\/www.tiktok.com\/tag\/primedaydreamdeals?refer=embed\" rel=\"noopener\">llz #PrimeDayDreamD<\/a><a title=\"momlife\" target=\"_blank\" href=\"https:\/\/www.tiktok.com\/tag\/momlife?refer=embed\" rel=\"noopener\">eals #mo<\/a>m<a title=\"badmamatiktok\" target=\"_blank\" href=\"https:\/\/www.tiktok.com\/tag\/badmamatiktok?refer=embed\" rel=\"noopener\">life #badmamat<\/a>i<a title=\"momsoftiktok\" target=\"_blank\" href=\"https:\/\/www.tiktok.com\/tag\/momsoftiktok?refer=embed\" rel=\"noopener\">ktok #momsoft<\/a>i<a title=\"momsontiktok\" target=\"_blank\" href=\"https:\/\/www.tiktok.com\/tag\/momsontiktok?refer=embed\" rel=\"noopener\">ktok #momsont<\/a>i<a title=\"momsbelike\" target=\"_blank\" href=\"https:\/\/www.tiktok.com\/tag\/momsbelike?refer=embed\" rel=\"noopener\">ktok #momsb<\/a>e<a title=\"zyxcba\" target=\"_blank\" href=\"https:\/\/www.tiktok.com\/tag\/zyxcba?refer=embed\" rel=\"noopener\">like #z<\/a>y<a title=\"momsover30\" target=\"_blank\" href=\"https:\/\/www.tiktok.com\/tag\/momsover30?refer=embed\" rel=\"noopener\">xcba #momso<\/a>v<a title=\"momsontiktok\" target=\"_blank\" href=\"https:\/\/www.tiktok.com\/tag\/momsontiktok?refer=embed\" rel=\"noopener\">er30 #momsont<\/a> <a target=\"_blank\" title=\"\u266c Victoria&#039;s Secret - Jax\" href=\"https:\/\/www.tiktok.com\/music\/Victoria's-Secret-7112514788773365762?refer=embed\" rel=\"noopener\">\u266c Victoria&#039;s Secret &#8211; Jax<\/a> <\/section> <\/blockquote>\n<\/div>\n<\/div>\n\n\n\n<p class=\"has-text-align-right\"><\/p>\n","protected":false},"excerpt":{"rendered":"<p>Jongeren beginnen steeds vroeger met skincare. Perfecte huiden en glanzende gezichten overspoelen hen op sociale&#8230;<\/p>\n","protected":false},"author":204,"featured_media":2104,"comment_status":"open","ping_status":"open","sticky":false,"template":"","format":"standard","meta":{"_jetpack_memberships_contains_paid_content":false,"footnotes":""},"categories":[35],"tags":[],"class_list":["post-2090","post","type-post","status-publish","format-standard","has-post-thumbnail","hentry","category-jongeren"],"jetpack_featured_media_url":"https:\/\/journalistiek.mm.ehb.be\/erasmix\/wp-content\/uploads\/sites\/2\/2024\/05\/image.jpeg","jetpack_sharing_enabled":true,"_links":{"self":[{"href":"https:\/\/journalistiek.mm.ehb.be\/erasmix\/wp-json\/wp\/v2\/posts\/2090","targetHints":{"allow":["GET"]}}],"collection":[{"href":"https:\/\/journalistiek.mm.ehb.be\/erasmix\/wp-json\/wp\/v2\/posts"}],"about":[{"href":"https:\/\/journalistiek.mm.ehb.be\/erasmix\/wp-json\/wp\/v2\/types\/post"}],"author":[{"embeddable":true,"href":"https:\/\/journalistiek.mm.ehb.be\/erasmix\/wp-json\/wp\/v2\/users\/204"}],"replies":[{"embeddable":true,"href":"https:\/\/journalistiek.mm.ehb.be\/erasmix\/wp-json\/wp\/v2\/comments?post=2090"}],"version-history":[{"count":7,"href":"https:\/\/journalistiek.mm.ehb.be\/erasmix\/wp-json\/wp\/v2\/posts\/2090\/revisions"}],"predecessor-version":[{"id":2247,"href":"https:\/\/journalistiek.mm.ehb.be\/erasmix\/wp-json\/wp\/v2\/posts\/2090\/revisions\/2247"}],"wp:featuredmedia":[{"embeddable":true,"href":"https:\/\/journalistiek.mm.ehb.be\/erasmix\/wp-json\/wp\/v2\/media\/2104"}],"wp:attachment":[{"href":"https:\/\/journalistiek.mm.ehb.be\/erasmix\/wp-json\/wp\/v2\/media?parent=2090"}],"wp:term":[{"taxonomy":"category","embeddable":true,"href":"https:\/\/journalistiek.mm.ehb.be\/erasmix\/wp-json\/wp\/v2\/categories?post=2090"},{"taxonomy":"post_tag","embeddable":true,"href":"https:\/\/journalistiek.mm.ehb.be\/erasmix\/wp-json\/wp\/v2\/tags?post=2090"}],"curies":[{"name":"wp","href":"https:\/\/api.w.org\/{rel}","templated":true}]}}