{"id":7289,"date":"2026-03-20T10:02:19","date_gmt":"2026-03-20T09:02:19","guid":{"rendered":"https:\/\/journalistiek.mm.ehb.be\/erasmix\/?p=7289"},"modified":"2026-04-29T13:19:09","modified_gmt":"2026-04-29T11:19:09","slug":"internationale-dag-van-het-bos-zet-belang-van-natuur-in-de-kijker","status":"publish","type":"post","link":"https:\/\/journalistiek.mm.ehb.be\/erasmix\/2026\/03\/20\/internationale-dag-van-het-bos-zet-belang-van-natuur-in-de-kijker\/","title":{"rendered":"Internationale Dag van het Bos zet belang van natuur in de kijker"},"content":{"rendered":"\n<p>Op 21 maart is het Internationale Dag van het Bos. Deze dag is in het leven geroepen door de Verenigde Naties om meer aandacht te vragen voor alle typen bos. Die aandacht is broodnodig in Vlaanderen. Christophe Rogolle, Co\u00f6rdinator bosuitbreiding bij Natuurpunt ziet dat Vlaanderen \u00e9\u00e9n van de slechtste leerlingen is in het aantal oppervlakte bos in Europa. \u201c10 \u00e0 11 procent van de oppervlakte in Vlaanderen is bos. In Europa ligt dat tussen de 35 en 40 procent\u201d, aldus Rogolle.<\/p>\n\n\n\n<p>Daarom heeft Rogolle nog een boodschap voor de huidige Vlaamse regering. \u201cWe hebben nood aan voldoende boskernen om de mensen zo kwalitatief mogelijk te laten wonen.\u201d<\/p>\n\n\n\n<p>Disclaimer: Dit is de mening van Christophe Rogolle vanuit zijn functie en niet het offici\u00eble standpunt van Natuurpunt.<\/p>\n\n\n\n<figure class=\"wp-block-image size-large is-resized\"><img loading=\"lazy\" decoding=\"async\" width=\"1024\" height=\"768\" src=\"https:\/\/journalistiek.mm.ehb.be\/erasmix\/wp-content\/uploads\/sites\/2\/2026\/03\/Rogolle-klaar-1024x768.jpg\" alt=\"\" class=\"wp-image-7291\" style=\"width:918px;height:auto\" srcset=\"https:\/\/journalistiek.mm.ehb.be\/erasmix\/wp-content\/uploads\/sites\/2\/2026\/03\/Rogolle-klaar-1024x768.jpg 1024w, https:\/\/journalistiek.mm.ehb.be\/erasmix\/wp-content\/uploads\/sites\/2\/2026\/03\/Rogolle-klaar-300x225.jpg 300w, https:\/\/journalistiek.mm.ehb.be\/erasmix\/wp-content\/uploads\/sites\/2\/2026\/03\/Rogolle-klaar-768x576.jpg 768w, https:\/\/journalistiek.mm.ehb.be\/erasmix\/wp-content\/uploads\/sites\/2\/2026\/03\/Rogolle-klaar-1536x1152.jpg 1536w, https:\/\/journalistiek.mm.ehb.be\/erasmix\/wp-content\/uploads\/sites\/2\/2026\/03\/Rogolle-klaar-2048x1536.jpg 2048w\" sizes=\"auto, (max-width: 1024px) 100vw, 1024px\" \/><figcaption class=\"wp-element-caption\"><strong>Christophe Rogolle, Co\u00f6rdinator bosuitbreiding Natuurpunt<\/strong><\/figcaption><\/figure>\n\n\n\n<figure class=\"wp-block-embed is-type-rich is-provider-soundcloud wp-block-embed-soundcloud\"><div>\n<iframe loading=\"lazy\" title=\"Internationale Dag van het Bos zet belang van natuur in de kijker by EhB Erasmix\" width=\"640\" height=\"400\" scrolling=\"no\" frameborder=\"no\" src=\"https:\/\/w.soundcloud.com\/player\/?visual=true&#038;url=https%3A%2F%2Fapi.soundcloud.com%2Ftracks%2F2291566604&#038;show_artwork=true&#038;maxheight=960&#038;maxwidth=640\"><\/iframe>\n<\/div><\/figure>\n","protected":false},"excerpt":{"rendered":"<p>Op 21 maart is het Internationale Dag van het Bos. Deze dag is in het&#8230;<\/p>\n","protected":false},"author":273,"featured_media":7290,"comment_status":"open","ping_status":"open","sticky":false,"template":"","format":"standard","meta":{"_jetpack_memberships_contains_paid_content":false,"footnotes":""},"categories":[18],"tags":[],"class_list":["post-7289","post","type-post","status-publish","format-standard","has-post-thumbnail","hentry","category-brussel"],"jetpack_featured_media_url":"https:\/\/journalistiek.mm.ehb.be\/erasmix\/wp-content\/uploads\/sites\/2\/2026\/03\/Bos3klaar-scaled.jpg","jetpack_sharing_enabled":true,"_links":{"self":[{"href":"https:\/\/journalistiek.mm.ehb.be\/erasmix\/wp-json\/wp\/v2\/posts\/7289","targetHints":{"allow":["GET"]}}],"collection":[{"href":"https:\/\/journalistiek.mm.ehb.be\/erasmix\/wp-json\/wp\/v2\/posts"}],"about":[{"href":"https:\/\/journalistiek.mm.ehb.be\/erasmix\/wp-json\/wp\/v2\/types\/post"}],"author":[{"embeddable":true,"href":"https:\/\/journalistiek.mm.ehb.be\/erasmix\/wp-json\/wp\/v2\/users\/273"}],"replies":[{"embeddable":true,"href":"https:\/\/journalistiek.mm.ehb.be\/erasmix\/wp-json\/wp\/v2\/comments?post=7289"}],"version-history":[{"count":1,"href":"https:\/\/journalistiek.mm.ehb.be\/erasmix\/wp-json\/wp\/v2\/posts\/7289\/revisions"}],"predecessor-version":[{"id":7292,"href":"https:\/\/journalistiek.mm.ehb.be\/erasmix\/wp-json\/wp\/v2\/posts\/7289\/revisions\/7292"}],"wp:featuredmedia":[{"embeddable":true,"href":"https:\/\/journalistiek.mm.ehb.be\/erasmix\/wp-json\/wp\/v2\/media\/7290"}],"wp:attachment":[{"href":"https:\/\/journalistiek.mm.ehb.be\/erasmix\/wp-json\/wp\/v2\/media?parent=7289"}],"wp:term":[{"taxonomy":"category","embeddable":true,"href":"https:\/\/journalistiek.mm.ehb.be\/erasmix\/wp-json\/wp\/v2\/categories?post=7289"},{"taxonomy":"post_tag","embeddable":true,"href":"https:\/\/journalistiek.mm.ehb.be\/erasmix\/wp-json\/wp\/v2\/tags?post=7289"}],"curies":[{"name":"wp","href":"https:\/\/api.w.org\/{rel}","templated":true}]}}