{"id":9557,"date":"2026-08-27T16:53:39","date_gmt":"2026-08-27T14:53:39","guid":{"rendered":"https:\/\/journalistiek.mm.ehb.be\/erasmix\/?p=9557"},"modified":"2026-08-27T16:53:40","modified_gmt":"2026-08-27T14:53:40","slug":"een-dagje-park-guell","status":"publish","type":"post","link":"https:\/\/journalistiek.mm.ehb.be\/erasmix\/2026\/08\/27\/een-dagje-park-guell\/","title":{"rendered":"Een dagje Park G\u00fcell"},"content":{"rendered":"\n<p class=\"wp-block-paragraph\"><strong>In het noorden van Barcelona ligt het wondermooie stadspark Park G\u00fcell. Het park werd begin twintigste eeuw ontworpen door de wereldberoemde Catalaanse architect Antoni Gaudi. Het park combineert architectuur met natuur en dat alles met prachtige uitzichten over de stad Barcelona.<br><em>Tekst &amp; foto&#8217;s Michiel Proost<\/em><\/strong><\/p>\n\n\n\n<figure class=\"wp-block-image alignright size-full is-resized\"><img loading=\"lazy\" decoding=\"async\" width=\"2560\" height=\"1920\" src=\"https:\/\/journalistiek.mm.ehb.be\/erasmix\/wp-content\/uploads\/sites\/2\/2026\/08\/IMG_2137-scaled.jpg\" alt=\"\" class=\"wp-image-9562\" style=\"aspect-ratio:1.3333607839907766;width:329px;height:auto\" srcset=\"https:\/\/journalistiek.mm.ehb.be\/erasmix\/wp-content\/uploads\/sites\/2\/2026\/08\/IMG_2137-scaled.jpg 2560w, https:\/\/journalistiek.mm.ehb.be\/erasmix\/wp-content\/uploads\/sites\/2\/2026\/08\/IMG_2137-300x225.jpg 300w, https:\/\/journalistiek.mm.ehb.be\/erasmix\/wp-content\/uploads\/sites\/2\/2026\/08\/IMG_2137-1024x768.jpg 1024w, https:\/\/journalistiek.mm.ehb.be\/erasmix\/wp-content\/uploads\/sites\/2\/2026\/08\/IMG_2137-768x576.jpg 768w, https:\/\/journalistiek.mm.ehb.be\/erasmix\/wp-content\/uploads\/sites\/2\/2026\/08\/IMG_2137-1536x1152.jpg 1536w, https:\/\/journalistiek.mm.ehb.be\/erasmix\/wp-content\/uploads\/sites\/2\/2026\/08\/IMG_2137-2048x1536.jpg 2048w\" sizes=\"auto, (max-width: 2560px) 100vw, 2560px\" \/><\/figure>\n\n\n\n<p class=\"wp-block-paragraph\"><\/p>\n\n\n\n<p class=\"wp-block-paragraph\">Park G\u00fcell ligt bovenop de heuvel El Carmel. Je kan het park bereiken per bus of taxi, of zoals Sofie Proost, te voet. \u201cWij hebben ervoor gekozen om ons te voet een weg naar boven te banen richting het park&#8221;, zegt ze. &#8220;Achteraf gezien hadden we beter het openbaar vervoer genomen, aangezien we al uitgeput waren voor we ook maar een voet in het park gezet hadden. Doordat het park op een heuvel ligt, word je wel beloond met schitterende uitzichten. Vanaf Pla\u00e7a de la Natura kan je Barcelona bezichtigen in al zijn glorie met de zee op de achtergrond. Dit maakte de uitputtende slalomklim in de brandende hitte zeker de moeite waard.\u201d<\/p>\n\n\n\n<p class=\"wp-block-paragraph\"><\/p>\n\n\n\n<p class=\"wp-block-paragraph\"><strong>El Drac<\/strong><br>Het stadspark telt talloze bezienswaardigheden, allemaal ontworpen door Gaudi in zijn typische stijl. Toch springt er voor Claude Proost eentje bovenuit: \u201cHet park loopt over van de kleurrijke architectuurwerken, maar eentje blijft mij toch het meest bij en dat is El Drac. De trap bevindt zich aan de hoofdingang en is langs twee kanten afgebakend door golvende muren bekleed met moza\u00efek. Bovenaan de trap staat een kleurrijke drakenkop wederom volledig bekleed in moza\u00efek. Onderaan de trap staat dan weer een fontein die gevuld is met verschillende planten. Alleen al voor dit werk is Park G\u00fcell echt een must visit.\u201d<\/p>\n\n\n\n<figure class=\"wp-block-image alignright size-large is-resized\"><img loading=\"lazy\" decoding=\"async\" width=\"1024\" height=\"768\" src=\"https:\/\/journalistiek.mm.ehb.be\/erasmix\/wp-content\/uploads\/sites\/2\/2026\/08\/9cadb6a3ec468f92cef4ea8c6c4a7cd8-1024x768.jpeg\" alt=\"\n\" class=\"wp-image-9566\" style=\"width:255px;height:auto\" srcset=\"https:\/\/journalistiek.mm.ehb.be\/erasmix\/wp-content\/uploads\/sites\/2\/2026\/08\/9cadb6a3ec468f92cef4ea8c6c4a7cd8-1024x768.jpeg 1024w, https:\/\/journalistiek.mm.ehb.be\/erasmix\/wp-content\/uploads\/sites\/2\/2026\/08\/9cadb6a3ec468f92cef4ea8c6c4a7cd8-300x225.jpeg 300w, https:\/\/journalistiek.mm.ehb.be\/erasmix\/wp-content\/uploads\/sites\/2\/2026\/08\/9cadb6a3ec468f92cef4ea8c6c4a7cd8-768x576.jpeg 768w, https:\/\/journalistiek.mm.ehb.be\/erasmix\/wp-content\/uploads\/sites\/2\/2026\/08\/9cadb6a3ec468f92cef4ea8c6c4a7cd8.jpeg 1179w\" sizes=\"auto, (max-width: 1024px) 100vw, 1024px\" \/><figcaption class=\"wp-element-caption\">Sofie Proost (links) Claude Proost (rechts)<\/figcaption><\/figure>\n\n\n\n<figure class=\"wp-block-image size-full is-resized\"><img loading=\"lazy\" decoding=\"async\" width=\"1920\" height=\"2560\" src=\"https:\/\/journalistiek.mm.ehb.be\/erasmix\/wp-content\/uploads\/sites\/2\/2026\/08\/IMG_2139-scaled.jpg\" alt=\"\" class=\"wp-image-9561\" style=\"aspect-ratio:0.7500463220307578;width:202px;height:auto\" srcset=\"https:\/\/journalistiek.mm.ehb.be\/erasmix\/wp-content\/uploads\/sites\/2\/2026\/08\/IMG_2139-scaled.jpg 1920w, https:\/\/journalistiek.mm.ehb.be\/erasmix\/wp-content\/uploads\/sites\/2\/2026\/08\/IMG_2139-225x300.jpg 225w, https:\/\/journalistiek.mm.ehb.be\/erasmix\/wp-content\/uploads\/sites\/2\/2026\/08\/IMG_2139-768x1024.jpg 768w, https:\/\/journalistiek.mm.ehb.be\/erasmix\/wp-content\/uploads\/sites\/2\/2026\/08\/IMG_2139-1152x1536.jpg 1152w, https:\/\/journalistiek.mm.ehb.be\/erasmix\/wp-content\/uploads\/sites\/2\/2026\/08\/IMG_2139-1536x2048.jpg 1536w, https:\/\/journalistiek.mm.ehb.be\/erasmix\/wp-content\/uploads\/sites\/2\/2026\/08\/IMG_2139-1024x1365.jpg 1024w\" sizes=\"auto, (max-width: 1920px) 100vw, 1920px\" \/><\/figure>\n\n\n\n<p class=\"wp-block-paragraph\"><\/p>\n\n\n\n<p class=\"wp-block-paragraph\"><strong>Andere bezienswaardigheden<\/strong><br>El Drac en Pla\u00e7a de la Natura zijn natuurlijk niet de enige architectuur- en kunstwerken in het park. Langs de Pla\u00e7a de la Natura loopt de serpentijnbank. Dit is een golvende bank, wederom bekleed met kleurrijke moza\u00efek. Onder de Pla\u00e7a de la Natura bevindt zich de Hypostyle zaal. De zaal bestaat uit 87 zuilen gemaakt in Dorische stijl. Doorheen het park lopen bruggen en wandelpaden die je de kans geven stapsgewijs hoger in het park te geraken. Vanaf deze paden en bruggen heb je natuurlijk prachtige uitzichten op het park en de stad. Tot slot staat het Gaudi huis ook in het park. In dit huis heeft Gaudi in het begin van de twintigste eeuw gewoond en het fungeert nu als museum.<\/p>\n\n\n\n<div class=\"wp-block-media-text is-stacked-on-mobile\" style=\"grid-template-columns:16% auto\"><figure class=\"wp-block-media-text__media\"><img loading=\"lazy\" decoding=\"async\" width=\"768\" height=\"1024\" src=\"https:\/\/journalistiek.mm.ehb.be\/erasmix\/wp-content\/uploads\/sites\/2\/2026\/08\/cd72c81249143af495266ba46d68d358-768x1024.jpeg\" alt=\"\" class=\"wp-image-9567 size-full\" srcset=\"https:\/\/journalistiek.mm.ehb.be\/erasmix\/wp-content\/uploads\/sites\/2\/2026\/08\/cd72c81249143af495266ba46d68d358-768x1024.jpeg 768w, https:\/\/journalistiek.mm.ehb.be\/erasmix\/wp-content\/uploads\/sites\/2\/2026\/08\/cd72c81249143af495266ba46d68d358-225x300.jpeg 225w, https:\/\/journalistiek.mm.ehb.be\/erasmix\/wp-content\/uploads\/sites\/2\/2026\/08\/cd72c81249143af495266ba46d68d358-1152x1536.jpeg 1152w, https:\/\/journalistiek.mm.ehb.be\/erasmix\/wp-content\/uploads\/sites\/2\/2026\/08\/cd72c81249143af495266ba46d68d358-1024x1365.jpeg 1024w, https:\/\/journalistiek.mm.ehb.be\/erasmix\/wp-content\/uploads\/sites\/2\/2026\/08\/cd72c81249143af495266ba46d68d358.jpeg 1290w\" sizes=\"auto, (max-width: 768px) 100vw, 768px\" \/><\/figure><div class=\"wp-block-media-text__content\">\n<p class=\"wp-block-paragraph\"><strong>Harmonie tussen natuur en architectuur<\/strong><br>Naast de prachtige architectuur, blijft het nog steeds een park en is het gevuld met uiteenlopende flora. Het is net die combinatie tussen natuur en architectuur die Catharina van Ommeren aantrekt en is bijgebleven. \u201cDe kunstwerken van Gaudi zijn zo verweven in het natuurlandschap dat het hele plaatje klopt. Het voelt niet aan alsof de natuur verstoort wordt, maar juist als een soort harmonie tussen beide. De talloze kunstwerken vormen een geheel met hun omgeving. Deze harmonie zorgt voor een unieke en authentieke sfeer en beleving dat je op niet veel plaatsen vindt. Als je dit dan combineert met de prachtige uitzichten op de stad, heb je echt een fantastische locatie die je zeker moet bezocht hebben.\u201d<\/p>\n<\/div><\/div>\n\n\n\n<p class=\"wp-block-paragraph\"><br><\/p>\n\n\n\n<figure class=\"wp-block-image size-full\"><img loading=\"lazy\" decoding=\"async\" width=\"2560\" height=\"1920\" src=\"https:\/\/journalistiek.mm.ehb.be\/erasmix\/wp-content\/uploads\/sites\/2\/2026\/08\/image0-scaled.jpg\" alt=\"\" class=\"wp-image-9559\" srcset=\"https:\/\/journalistiek.mm.ehb.be\/erasmix\/wp-content\/uploads\/sites\/2\/2026\/08\/image0-scaled.jpg 2560w, https:\/\/journalistiek.mm.ehb.be\/erasmix\/wp-content\/uploads\/sites\/2\/2026\/08\/image0-300x225.jpg 300w, https:\/\/journalistiek.mm.ehb.be\/erasmix\/wp-content\/uploads\/sites\/2\/2026\/08\/image0-1024x768.jpg 1024w, https:\/\/journalistiek.mm.ehb.be\/erasmix\/wp-content\/uploads\/sites\/2\/2026\/08\/image0-768x576.jpg 768w, https:\/\/journalistiek.mm.ehb.be\/erasmix\/wp-content\/uploads\/sites\/2\/2026\/08\/image0-1536x1152.jpg 1536w, https:\/\/journalistiek.mm.ehb.be\/erasmix\/wp-content\/uploads\/sites\/2\/2026\/08\/image0-2048x1536.jpg 2048w\" sizes=\"auto, (max-width: 2560px) 100vw, 2560px\" \/><\/figure>\n\n\n\n<p class=\"wp-block-paragraph\"><\/p>\n\n\n\n<figure class=\"wp-block-image size-large\"><img loading=\"lazy\" decoding=\"async\" width=\"1024\" height=\"768\" src=\"https:\/\/journalistiek.mm.ehb.be\/erasmix\/wp-content\/uploads\/sites\/2\/2026\/08\/image3-1024x768.jpg\" alt=\"\" class=\"wp-image-9569\" srcset=\"https:\/\/journalistiek.mm.ehb.be\/erasmix\/wp-content\/uploads\/sites\/2\/2026\/08\/image3-1024x768.jpg 1024w, https:\/\/journalistiek.mm.ehb.be\/erasmix\/wp-content\/uploads\/sites\/2\/2026\/08\/image3-300x225.jpg 300w, https:\/\/journalistiek.mm.ehb.be\/erasmix\/wp-content\/uploads\/sites\/2\/2026\/08\/image3-768x576.jpg 768w, https:\/\/journalistiek.mm.ehb.be\/erasmix\/wp-content\/uploads\/sites\/2\/2026\/08\/image3-1536x1152.jpg 1536w, https:\/\/journalistiek.mm.ehb.be\/erasmix\/wp-content\/uploads\/sites\/2\/2026\/08\/image3-2048x1536.jpg 2048w\" sizes=\"auto, (max-width: 1024px) 100vw, 1024px\" \/><\/figure>\n","protected":false},"excerpt":{"rendered":"<p>In het noorden van Barcelona ligt het wondermooie stadspark Park G\u00fcell. Het park werd begin&#8230;<\/p>\n","protected":false},"author":529,"featured_media":9559,"comment_status":"open","ping_status":"open","sticky":false,"template":"","format":"standard","meta":{"footnotes":"","_members_access_role":[],"_members_access_error":""},"categories":[33,41],"tags":[49,74],"class_list":["post-9557","post","type-post","status-publish","format-standard","has-post-thumbnail","hentry","category-cultuur","category-sfeerreportage","tag-cultuur","tag-sfeer"],"_links":{"self":[{"href":"https:\/\/journalistiek.mm.ehb.be\/erasmix\/wp-json\/wp\/v2\/posts\/9557","targetHints":{"allow":["GET"]}}],"collection":[{"href":"https:\/\/journalistiek.mm.ehb.be\/erasmix\/wp-json\/wp\/v2\/posts"}],"about":[{"href":"https:\/\/journalistiek.mm.ehb.be\/erasmix\/wp-json\/wp\/v2\/types\/post"}],"author":[{"embeddable":true,"href":"https:\/\/journalistiek.mm.ehb.be\/erasmix\/wp-json\/wp\/v2\/users\/529"}],"replies":[{"embeddable":true,"href":"https:\/\/journalistiek.mm.ehb.be\/erasmix\/wp-json\/wp\/v2\/comments?post=9557"}],"version-history":[{"count":8,"href":"https:\/\/journalistiek.mm.ehb.be\/erasmix\/wp-json\/wp\/v2\/posts\/9557\/revisions"}],"predecessor-version":[{"id":9678,"href":"https:\/\/journalistiek.mm.ehb.be\/erasmix\/wp-json\/wp\/v2\/posts\/9557\/revisions\/9678"}],"wp:featuredmedia":[{"embeddable":true,"href":"https:\/\/journalistiek.mm.ehb.be\/erasmix\/wp-json\/wp\/v2\/media\/9559"}],"wp:attachment":[{"href":"https:\/\/journalistiek.mm.ehb.be\/erasmix\/wp-json\/wp\/v2\/media?parent=9557"}],"wp:term":[{"taxonomy":"category","embeddable":true,"href":"https:\/\/journalistiek.mm.ehb.be\/erasmix\/wp-json\/wp\/v2\/categories?post=9557"},{"taxonomy":"post_tag","embeddable":true,"href":"https:\/\/journalistiek.mm.ehb.be\/erasmix\/wp-json\/wp\/v2\/tags?post=9557"}],"curies":[{"name":"wp","href":"https:\/\/api.w.org\/{rel}","templated":true}]}}